{"id":3458,"date":"2016-10-14T14:13:56","date_gmt":"2016-10-14T14:13:56","guid":{"rendered":"http:\/\/ramblingrose.ch\/?p=3458"},"modified":"2016-10-17T14:08:02","modified_gmt":"2016-10-17T14:08:02","slug":"das-neue-interieur","status":"publish","type":"post","link":"https:\/\/ramblingrose.ch\/?p=3458","title":{"rendered":"Das neue Interieur"},"content":{"rendered":"<p>Hier darf ich nun das neue Interieur vorstellen. B. wird sicher wieder jammern und h\u00e4tte auch gerne diese Einrichtung gehabt, als wir diesen Sommer gereist sind. Aber es ist wirklich wohnlicher. Und die Abende werden mit aufgeklapptem Sofa sicher gem\u00fctlicher werden. Foto folgt.<\/p>\n<p>3 Baby-Matratzen &#8211; von IKEA, die<a href=\"http:\/\/www.ikea.com\/ch\/de\/catalog\/products\/40150182\/\" target=\"_blank\"> Vyssa Sk\u00f6nt <\/a>in den Massen 60&#215;120 cm. Ich habe sie durchgeschnitten. Sie haben zwar einen Reissverschluss, den kann man aber umgehen. Zum N\u00e4hen habe ich den Bezug abgenommen und fast alles auf der Maschine n\u00e4hen k\u00f6nnen.<\/p>\n<p>Der Bettrost ist von<a href=\"http:\/\/www.frolishop.com\/schlafen-unterwegs\/bettsysteme\/133\/froli-star-mobil?c=2156\" target=\"_blank\"> Froli Star<\/a>, individuell f\u00fcr Camper und Schiffe und Spezialbetten.<\/p>\n<p>&nbsp;<\/p>\n\n\t\t<style type=\"text\/css\">\n\t\t\t#gallery-1 {\n\t\t\t\tmargin: auto;\n\t\t\t}\n\t\t\t#gallery-1 .gallery-item {\n\t\t\t\tfloat: left;\n\t\t\t\tmargin-top: 10px;\n\t\t\t\ttext-align: center;\n\t\t\t\twidth: 100%;\n\t\t\t}\n\t\t\t#gallery-1 img {\n\t\t\t\tborder: 2px solid #cfcfcf;\n\t\t\t}\n\t\t\t#gallery-1 .gallery-caption {\n\t\t\t\tmargin-left: 0;\n\t\t\t}\n\t\t\t\/* see gallery_shortcode() in wp-includes\/media.php *\/\n\t\t<\/style>\n\t\t<div id='gallery-1' class='gallery galleryid-3458 gallery-columns-1 gallery-size-large'><dl class='gallery-item'>\n\t\t\t<dt class='gallery-icon landscape'>\n\t\t\t\t<a href='https:\/\/ramblingrose.ch\/?attachment_id=3469'><img loading=\"lazy\" decoding=\"async\" width=\"625\" height=\"469\" src=\"https:\/\/ramblingrose.ch\/wp-content\/uploads\/2016\/10\/DSC07595-001-1024x768.jpg\" class=\"attachment-large size-large\" alt=\"\" aria-describedby=\"gallery-1-3469\" srcset=\"https:\/\/ramblingrose.ch\/wp-content\/uploads\/2016\/10\/DSC07595-001-1024x768.jpg 1024w, https:\/\/ramblingrose.ch\/wp-content\/uploads\/2016\/10\/DSC07595-001-300x225.jpg 300w, https:\/\/ramblingrose.ch\/wp-content\/uploads\/2016\/10\/DSC07595-001-768x576.jpg 768w, https:\/\/ramblingrose.ch\/wp-content\/uploads\/2016\/10\/DSC07595-001-624x468.jpg 624w\" sizes=\"auto, (max-width: 625px) 100vw, 625px\" \/><\/a>\n\t\t\t<\/dt>\n\t\t\t\t<dd class='wp-caption-text gallery-caption' id='gallery-1-3469'>\n\t\t\t\tDie Babymatratzen sind neu gen\u00e4ht. Ich habe die R\u00fcckenlehne nach langem Nachdenken nicht 2-teilig gemacht, sondern drangelassen.\n\t\t\t\t<\/dd><\/dl><br style=\"clear: both\" \/><dl class='gallery-item'>\n\t\t\t<dt class='gallery-icon landscape'>\n\t\t\t\t<a href='https:\/\/ramblingrose.ch\/?attachment_id=3467'><img loading=\"lazy\" decoding=\"async\" width=\"625\" height=\"469\" src=\"https:\/\/ramblingrose.ch\/wp-content\/uploads\/2016\/10\/DSC07606-001-1024x768.jpg\" class=\"attachment-large size-large\" alt=\"\" aria-describedby=\"gallery-1-3467\" srcset=\"https:\/\/ramblingrose.ch\/wp-content\/uploads\/2016\/10\/DSC07606-001-1024x768.jpg 1024w, https:\/\/ramblingrose.ch\/wp-content\/uploads\/2016\/10\/DSC07606-001-300x225.jpg 300w, https:\/\/ramblingrose.ch\/wp-content\/uploads\/2016\/10\/DSC07606-001-768x576.jpg 768w, https:\/\/ramblingrose.ch\/wp-content\/uploads\/2016\/10\/DSC07606-001-624x468.jpg 624w\" sizes=\"auto, (max-width: 625px) 100vw, 625px\" \/><\/a>\n\t\t\t<\/dt>\n\t\t\t\t<dd class='wp-caption-text gallery-caption' id='gallery-1-3467'>\n\t\t\t\tDie Matratzen sind bezogen und das Bett gerichtet f\u00fcr 2 Personen.  Rechts sieht man die K\u00fcchenschubladen. Man kann immer noch mit ausgezogenem Bett  Kaffee kochen, musste den Kocher einfach eine Schublade h\u00f6her einlegen.\n\t\t\t\t<\/dd><\/dl><br style=\"clear: both\" \/><dl class='gallery-item'>\n\t\t\t<dt class='gallery-icon landscape'>\n\t\t\t\t<a href='https:\/\/ramblingrose.ch\/?attachment_id=3462'><img loading=\"lazy\" decoding=\"async\" width=\"625\" height=\"469\" src=\"https:\/\/ramblingrose.ch\/wp-content\/uploads\/2016\/10\/DSC07621-001-1024x768.jpg\" class=\"attachment-large size-large\" alt=\"\" aria-describedby=\"gallery-1-3462\" srcset=\"https:\/\/ramblingrose.ch\/wp-content\/uploads\/2016\/10\/DSC07621-001-1024x768.jpg 1024w, https:\/\/ramblingrose.ch\/wp-content\/uploads\/2016\/10\/DSC07621-001-300x225.jpg 300w, https:\/\/ramblingrose.ch\/wp-content\/uploads\/2016\/10\/DSC07621-001-768x576.jpg 768w, https:\/\/ramblingrose.ch\/wp-content\/uploads\/2016\/10\/DSC07621-001-624x468.jpg 624w\" sizes=\"auto, (max-width: 625px) 100vw, 625px\" \/><\/a>\n\t\t\t<\/dt>\n\t\t\t\t<dd class='wp-caption-text gallery-caption' id='gallery-1-3462'>\n\t\t\t\tNeu sind die Kopfkissen auf der anderen Seite. So kann ich besser aufstehen.\n\t\t\t\t<\/dd><\/dl><br style=\"clear: both\" \/><dl class='gallery-item'>\n\t\t\t<dt class='gallery-icon landscape'>\n\t\t\t\t<a href='https:\/\/ramblingrose.ch\/?attachment_id=3465'><img loading=\"lazy\" decoding=\"async\" width=\"625\" height=\"469\" src=\"https:\/\/ramblingrose.ch\/wp-content\/uploads\/2016\/10\/DSC07614-001-1024x768.jpg\" class=\"attachment-large size-large\" alt=\"\" aria-describedby=\"gallery-1-3465\" srcset=\"https:\/\/ramblingrose.ch\/wp-content\/uploads\/2016\/10\/DSC07614-001-1024x768.jpg 1024w, https:\/\/ramblingrose.ch\/wp-content\/uploads\/2016\/10\/DSC07614-001-300x225.jpg 300w, https:\/\/ramblingrose.ch\/wp-content\/uploads\/2016\/10\/DSC07614-001-768x576.jpg 768w, https:\/\/ramblingrose.ch\/wp-content\/uploads\/2016\/10\/DSC07614-001-624x468.jpg 624w\" sizes=\"auto, (max-width: 625px) 100vw, 625px\" \/><\/a>\n\t\t\t<\/dt>\n\t\t\t\t<dd class='wp-caption-text gallery-caption' id='gallery-1-3465'>\n\t\t\t\tDer Sanit\u00e4rbereich. Das violette ist die Pipilotta, die kommt unterwegs in ein Tuch. Wichtig war mir einfach, dass man in der Nacht im Auto Toilette hat. Der alte Topf ist der Spucknapf, beim Z\u00e4hneputzen. Er h\u00e4ngt an einem Kabel, damit er nicht aus dem Auto f\u00e4llt, wenn man ihn in der Nacht entleert.\n\t\t\t\t<\/dd><\/dl><br style=\"clear: both\" \/><dl class='gallery-item'>\n\t\t\t<dt class='gallery-icon landscape'>\n\t\t\t\t<a href='https:\/\/ramblingrose.ch\/?attachment_id=3468'><img loading=\"lazy\" decoding=\"async\" width=\"625\" height=\"469\" src=\"https:\/\/ramblingrose.ch\/wp-content\/uploads\/2016\/10\/DSC07600-001-1024x768.jpg\" class=\"attachment-large size-large\" alt=\"\" aria-describedby=\"gallery-1-3468\" srcset=\"https:\/\/ramblingrose.ch\/wp-content\/uploads\/2016\/10\/DSC07600-001-1024x768.jpg 1024w, https:\/\/ramblingrose.ch\/wp-content\/uploads\/2016\/10\/DSC07600-001-300x225.jpg 300w, https:\/\/ramblingrose.ch\/wp-content\/uploads\/2016\/10\/DSC07600-001-768x576.jpg 768w, https:\/\/ramblingrose.ch\/wp-content\/uploads\/2016\/10\/DSC07600-001-624x468.jpg 624w\" sizes=\"auto, (max-width: 625px) 100vw, 625px\" \/><\/a>\n\t\t\t<\/dt>\n\t\t\t\t<dd class='wp-caption-text gallery-caption' id='gallery-1-3468'>\n\t\t\t\tBlick in die mittlere, mittelgrosse Staubox. Es haben gut 2 grosse IKEA-Taschen Platz. Und dahinter ist noch ein Fach f\u00fcr Sachen, die man selten braucht.\n\t\t\t\t<\/dd><\/dl><br style=\"clear: both\" \/><dl class='gallery-item'>\n\t\t\t<dt class='gallery-icon landscape'>\n\t\t\t\t<a href='https:\/\/ramblingrose.ch\/?attachment_id=3464'><img loading=\"lazy\" decoding=\"async\" width=\"625\" height=\"469\" src=\"https:\/\/ramblingrose.ch\/wp-content\/uploads\/2016\/10\/DSC07616-001-1024x768.jpg\" class=\"attachment-large size-large\" alt=\"\" aria-describedby=\"gallery-1-3464\" srcset=\"https:\/\/ramblingrose.ch\/wp-content\/uploads\/2016\/10\/DSC07616-001-1024x768.jpg 1024w, https:\/\/ramblingrose.ch\/wp-content\/uploads\/2016\/10\/DSC07616-001-300x225.jpg 300w, https:\/\/ramblingrose.ch\/wp-content\/uploads\/2016\/10\/DSC07616-001-768x576.jpg 768w, https:\/\/ramblingrose.ch\/wp-content\/uploads\/2016\/10\/DSC07616-001-624x468.jpg 624w\" sizes=\"auto, (max-width: 625px) 100vw, 625px\" \/><\/a>\n\t\t\t<\/dt>\n\t\t\t\t<dd class='wp-caption-text gallery-caption' id='gallery-1-3464'>\n\t\t\t\tHier mein Kabelsalat sch\u00f6n ausgebreitet. Es hat f\u00fcr K\u00fchlschrank, Laptop und 3 ladbare Ger\u00e4te Platz.\n\t\t\t\t<\/dd><\/dl><br style=\"clear: both\" \/><dl class='gallery-item'>\n\t\t\t<dt class='gallery-icon landscape'>\n\t\t\t\t<a href='https:\/\/ramblingrose.ch\/?attachment_id=3463'><img loading=\"lazy\" decoding=\"async\" width=\"625\" height=\"469\" src=\"https:\/\/ramblingrose.ch\/wp-content\/uploads\/2016\/10\/DSC07618-001-1024x768.jpg\" class=\"attachment-large size-large\" alt=\"\" aria-describedby=\"gallery-1-3463\" srcset=\"https:\/\/ramblingrose.ch\/wp-content\/uploads\/2016\/10\/DSC07618-001-1024x768.jpg 1024w, https:\/\/ramblingrose.ch\/wp-content\/uploads\/2016\/10\/DSC07618-001-300x225.jpg 300w, https:\/\/ramblingrose.ch\/wp-content\/uploads\/2016\/10\/DSC07618-001-768x576.jpg 768w, https:\/\/ramblingrose.ch\/wp-content\/uploads\/2016\/10\/DSC07618-001-624x468.jpg 624w\" sizes=\"auto, (max-width: 625px) 100vw, 625px\" \/><\/a>\n\t\t\t<\/dt>\n\t\t\t\t<dd class='wp-caption-text gallery-caption' id='gallery-1-3463'>\n\t\t\t\tDie beiden gelben Sticks sind starke Lampen, das t\u00fcrkis L\u00e4mpchen oben ist gen\u00fcgend zum Lesen. Es ist in der Power-Bank eingesteckt, die wochenlang h\u00e4lt.\n\t\t\t\t<\/dd><\/dl><br style=\"clear: both\" \/><dl class='gallery-item'>\n\t\t\t<dt class='gallery-icon landscape'>\n\t\t\t\t<a href='https:\/\/ramblingrose.ch\/?attachment_id=3461'><img loading=\"lazy\" decoding=\"async\" width=\"625\" height=\"469\" src=\"https:\/\/ramblingrose.ch\/wp-content\/uploads\/2016\/10\/DSC07622-001-1024x768.jpg\" class=\"attachment-large size-large\" alt=\"\" aria-describedby=\"gallery-1-3461\" srcset=\"https:\/\/ramblingrose.ch\/wp-content\/uploads\/2016\/10\/DSC07622-001-1024x768.jpg 1024w, https:\/\/ramblingrose.ch\/wp-content\/uploads\/2016\/10\/DSC07622-001-300x225.jpg 300w, https:\/\/ramblingrose.ch\/wp-content\/uploads\/2016\/10\/DSC07622-001-768x576.jpg 768w, https:\/\/ramblingrose.ch\/wp-content\/uploads\/2016\/10\/DSC07622-001-624x468.jpg 624w\" sizes=\"auto, (max-width: 625px) 100vw, 625px\" \/><\/a>\n\t\t\t<\/dt>\n\t\t\t\t<dd class='wp-caption-text gallery-caption' id='gallery-1-3461'>\n\t\t\t\tIn der Sitzbank vorne habe ich die Kabelrolle und den Heizl\u00fcfter f\u00fcr Campingpl\u00e4tze\n\t\t\t\t<\/dd><\/dl><br style=\"clear: both\" \/><dl class='gallery-item'>\n\t\t\t<dt class='gallery-icon landscape'>\n\t\t\t\t<a href='https:\/\/ramblingrose.ch\/?attachment_id=3459'><img loading=\"lazy\" decoding=\"async\" width=\"625\" height=\"469\" src=\"https:\/\/ramblingrose.ch\/wp-content\/uploads\/2016\/10\/DSC07624-1024x768.jpg\" class=\"attachment-large size-large\" alt=\"\" aria-describedby=\"gallery-1-3459\" srcset=\"https:\/\/ramblingrose.ch\/wp-content\/uploads\/2016\/10\/DSC07624-1024x768.jpg 1024w, https:\/\/ramblingrose.ch\/wp-content\/uploads\/2016\/10\/DSC07624-300x225.jpg 300w, https:\/\/ramblingrose.ch\/wp-content\/uploads\/2016\/10\/DSC07624-768x576.jpg 768w, https:\/\/ramblingrose.ch\/wp-content\/uploads\/2016\/10\/DSC07624-624x468.jpg 624w\" sizes=\"auto, (max-width: 625px) 100vw, 625px\" \/><\/a>\n\t\t\t<\/dt>\n\t\t\t\t<dd class='wp-caption-text gallery-caption' id='gallery-1-3459'>\n\t\t\t\tHier seht ihr nun doch  einmal den &#8222;Nachtstuhl&#8220;, der sofort eingeschoben werden kann.\n\t\t\t\t<\/dd><\/dl><br style=\"clear: both\" \/><dl class='gallery-item'>\n\t\t\t<dt class='gallery-icon landscape'>\n\t\t\t\t<a href='https:\/\/ramblingrose.ch\/?attachment_id=3460'><img loading=\"lazy\" decoding=\"async\" width=\"625\" height=\"517\" src=\"https:\/\/ramblingrose.ch\/wp-content\/uploads\/2016\/10\/DSC07623-001-1024x847.jpg\" class=\"attachment-large size-large\" alt=\"\" aria-describedby=\"gallery-1-3460\" srcset=\"https:\/\/ramblingrose.ch\/wp-content\/uploads\/2016\/10\/DSC07623-001-1024x847.jpg 1024w, https:\/\/ramblingrose.ch\/wp-content\/uploads\/2016\/10\/DSC07623-001-300x248.jpg 300w, https:\/\/ramblingrose.ch\/wp-content\/uploads\/2016\/10\/DSC07623-001-768x635.jpg 768w, https:\/\/ramblingrose.ch\/wp-content\/uploads\/2016\/10\/DSC07623-001-624x516.jpg 624w\" sizes=\"auto, (max-width: 625px) 100vw, 625px\" \/><\/a>\n\t\t\t<\/dt>\n\t\t\t\t<dd class='wp-caption-text gallery-caption' id='gallery-1-3460'>\n\t\t\t\tDer Nachtstuhl sollte f\u00fcr alle F\u00e4lle schnell hervorgeholt werden k\u00f6nnen.\n\t\t\t\t<\/dd><\/dl><br style=\"clear: both\" \/><dl class='gallery-item'>\n\t\t\t<dt class='gallery-icon landscape'>\n\t\t\t\t<a href='https:\/\/ramblingrose.ch\/?attachment_id=3506'><img loading=\"lazy\" decoding=\"async\" width=\"625\" height=\"469\" src=\"https:\/\/ramblingrose.ch\/wp-content\/uploads\/2016\/10\/DSC08031-001-1024x768.jpg\" class=\"attachment-large size-large\" alt=\"\" aria-describedby=\"gallery-1-3506\" srcset=\"https:\/\/ramblingrose.ch\/wp-content\/uploads\/2016\/10\/DSC08031-001-1024x768.jpg 1024w, https:\/\/ramblingrose.ch\/wp-content\/uploads\/2016\/10\/DSC08031-001-300x225.jpg 300w, https:\/\/ramblingrose.ch\/wp-content\/uploads\/2016\/10\/DSC08031-001-768x576.jpg 768w, https:\/\/ramblingrose.ch\/wp-content\/uploads\/2016\/10\/DSC08031-001-624x468.jpg 624w\" sizes=\"auto, (max-width: 625px) 100vw, 625px\" \/><\/a>\n\t\t\t<\/dt>\n\t\t\t\t<dd class='wp-caption-text gallery-caption' id='gallery-1-3506'>\n\t\t\t\tSo sieht es nun aus, wenn ich alleine auf grosse Fahrt gehe.\n\t\t\t\t<\/dd><\/dl><br style=\"clear: both\" \/><dl class='gallery-item'>\n\t\t\t<dt class='gallery-icon landscape'>\n\t\t\t\t<a href='https:\/\/ramblingrose.ch\/?attachment_id=3507'><img loading=\"lazy\" decoding=\"async\" width=\"625\" height=\"469\" src=\"https:\/\/ramblingrose.ch\/wp-content\/uploads\/2016\/10\/DSC08029-001-1024x768.jpg\" class=\"attachment-large size-large\" alt=\"\" aria-describedby=\"gallery-1-3507\" srcset=\"https:\/\/ramblingrose.ch\/wp-content\/uploads\/2016\/10\/DSC08029-001-1024x768.jpg 1024w, https:\/\/ramblingrose.ch\/wp-content\/uploads\/2016\/10\/DSC08029-001-300x225.jpg 300w, https:\/\/ramblingrose.ch\/wp-content\/uploads\/2016\/10\/DSC08029-001-768x576.jpg 768w, https:\/\/ramblingrose.ch\/wp-content\/uploads\/2016\/10\/DSC08029-001-624x468.jpg 624w\" sizes=\"auto, (max-width: 625px) 100vw, 625px\" \/><\/a>\n\t\t\t<\/dt>\n\t\t\t\t<dd class='wp-caption-text gallery-caption' id='gallery-1-3507'>\n\t\t\t\tHinten ist jetzt auch mehr Platz. \n\t\t\t\t<\/dd><\/dl><br style=\"clear: both\" \/>\n\t\t<\/div>\n\n","protected":false},"excerpt":{"rendered":"<p>Hier darf ich nun das neue Interieur vorstellen. B. wird sicher wieder jammern und h\u00e4tte auch gerne diese Einrichtung gehabt, als wir diesen Sommer gereist sind. Aber es ist wirklich wohnlicher. Und die Abende werden mit aufgeklapptem Sofa sicher gem\u00fctlicher werden. Foto folgt. 3 Baby-Matratzen &#8211; von IKEA, die Vyssa Sk\u00f6nt in den Massen 60&#215;120 [&hellip;]<\/p>\n","protected":false},"author":1,"featured_media":0,"comment_status":"open","ping_status":"open","sticky":false,"template":"","format":"standard","meta":{"footnotes":""},"categories":[6],"tags":[],"class_list":["post-3458","post","type-post","status-publish","format-standard","hentry","category-allgemeines"],"_links":{"self":[{"href":"https:\/\/ramblingrose.ch\/index.php?rest_route=\/wp\/v2\/posts\/3458","targetHints":{"allow":["GET"]}}],"collection":[{"href":"https:\/\/ramblingrose.ch\/index.php?rest_route=\/wp\/v2\/posts"}],"about":[{"href":"https:\/\/ramblingrose.ch\/index.php?rest_route=\/wp\/v2\/types\/post"}],"author":[{"embeddable":true,"href":"https:\/\/ramblingrose.ch\/index.php?rest_route=\/wp\/v2\/users\/1"}],"replies":[{"embeddable":true,"href":"https:\/\/ramblingrose.ch\/index.php?rest_route=%2Fwp%2Fv2%2Fcomments&post=3458"}],"version-history":[{"count":4,"href":"https:\/\/ramblingrose.ch\/index.php?rest_route=\/wp\/v2\/posts\/3458\/revisions"}],"predecessor-version":[{"id":3510,"href":"https:\/\/ramblingrose.ch\/index.php?rest_route=\/wp\/v2\/posts\/3458\/revisions\/3510"}],"wp:attachment":[{"href":"https:\/\/ramblingrose.ch\/index.php?rest_route=%2Fwp%2Fv2%2Fmedia&parent=3458"}],"wp:term":[{"taxonomy":"category","embeddable":true,"href":"https:\/\/ramblingrose.ch\/index.php?rest_route=%2Fwp%2Fv2%2Fcategories&post=3458"},{"taxonomy":"post_tag","embeddable":true,"href":"https:\/\/ramblingrose.ch\/index.php?rest_route=%2Fwp%2Fv2%2Ftags&post=3458"}],"curies":[{"name":"wp","href":"https:\/\/api.w.org\/{rel}","templated":true}]}}